{"id":865,"date":"2019-12-13T11:02:05","date_gmt":"2019-12-13T10:02:05","guid":{"rendered":"http:\/\/www.scenesbuissonnieres.com\/scenesB\/?p=865"},"modified":"2019-12-13T19:12:42","modified_gmt":"2019-12-13T18:12:42","slug":"reunion-des-troupes","status":"publish","type":"post","link":"https:\/\/www.scenesbuissonnieres.com\/scenesB\/2019\/12\/reunion-des-troupes\/","title":{"rendered":"R\u00e9union des troupes"},"content":{"rendered":"\n<p>Ce jeudi 12 d\u00e9cembre \u00e0 19 heures, les troupes partantes pour l&rsquo;\u00e9dition 2020 ont \u00e9t\u00e9 invit\u00e9es \u00e0 se r\u00e9unir dans la salle des f\u00eates de Villagrains. C&rsquo;est dans ce bourg que se d\u00e9rouleront les prochaines Sc\u00e8nes Buissonni\u00e8res, l<strong>es 3-4-5 juillet 2020<\/strong><\/p>\n\n\n\n<p>H\u00e9l\u00e8ne Braneyre a pr\u00e9sent\u00e9 le festival, son fonctionnement, son r\u00e8glement. Elle a cit\u00e9 les partenaires publics incontournables que sont <strong>Cabanac &amp; Villagrains,<\/strong> Commune d&rsquo;accueil, la <strong>Communaut\u00e9 de Communes Montesquieu<\/strong> et le <strong>D\u00e9partement de la Gironde<\/strong>.<\/p>\n\n\n\n<figure class=\"wp-block-gallery columns-2 is-cropped wp-block-gallery-1 is-layout-flex\"><ul class=\"blocks-gallery-grid\"><li class=\"blocks-gallery-item\"><figure><img decoding=\"async\" loading=\"lazy\" width=\"444\" height=\"450\" src=\"http:\/\/www.scenesbuissonnieres.com\/scenesB\/wp-content\/uploads\/2019\/12\/IMG_20191212_193936.jpg\" alt=\"\" data-id=\"895\" data-full-url=\"http:\/\/www.scenesbuissonnieres.com\/scenesB\/wp-content\/uploads\/2019\/12\/IMG_20191212_193936.jpg\" data-link=\"http:\/\/www.scenesbuissonnieres.com\/scenesB\/?attachment_id=895\" class=\"wp-image-895\" srcset=\"https:\/\/www.scenesbuissonnieres.com\/scenesB\/wp-content\/uploads\/2019\/12\/IMG_20191212_193936.jpg 444w, https:\/\/www.scenesbuissonnieres.com\/scenesB\/wp-content\/uploads\/2019\/12\/IMG_20191212_193936-296x300.jpg 296w, https:\/\/www.scenesbuissonnieres.com\/scenesB\/wp-content\/uploads\/2019\/12\/IMG_20191212_193936-100x101.jpg 100w, https:\/\/www.scenesbuissonnieres.com\/scenesB\/wp-content\/uploads\/2019\/12\/IMG_20191212_193936-150x152.jpg 150w, https:\/\/www.scenesbuissonnieres.com\/scenesB\/wp-content\/uploads\/2019\/12\/IMG_20191212_193936-200x203.jpg 200w, https:\/\/www.scenesbuissonnieres.com\/scenesB\/wp-content\/uploads\/2019\/12\/IMG_20191212_193936-300x304.jpg 300w\" sizes=\"(max-width: 444px) 100vw, 444px\" \/><\/figure><\/li><li class=\"blocks-gallery-item\"><figure><img decoding=\"async\" loading=\"lazy\" width=\"796\" height=\"450\" src=\"http:\/\/www.scenesbuissonnieres.com\/scenesB\/wp-content\/uploads\/2019\/12\/IMG_20191212_193848_resized_20191213_092700336.jpg\" alt=\"\" data-id=\"894\" data-full-url=\"http:\/\/www.scenesbuissonnieres.com\/scenesB\/wp-content\/uploads\/2019\/12\/IMG_20191212_193848_resized_20191213_092700336.jpg\" data-link=\"http:\/\/www.scenesbuissonnieres.com\/scenesB\/?attachment_id=894\" class=\"wp-image-894\" srcset=\"https:\/\/www.scenesbuissonnieres.com\/scenesB\/wp-content\/uploads\/2019\/12\/IMG_20191212_193848_resized_20191213_092700336.jpg 796w, https:\/\/www.scenesbuissonnieres.com\/scenesB\/wp-content\/uploads\/2019\/12\/IMG_20191212_193848_resized_20191213_092700336-300x170.jpg 300w, https:\/\/www.scenesbuissonnieres.com\/scenesB\/wp-content\/uploads\/2019\/12\/IMG_20191212_193848_resized_20191213_092700336-768x434.jpg 768w, https:\/\/www.scenesbuissonnieres.com\/scenesB\/wp-content\/uploads\/2019\/12\/IMG_20191212_193848_resized_20191213_092700336-100x57.jpg 100w, https:\/\/www.scenesbuissonnieres.com\/scenesB\/wp-content\/uploads\/2019\/12\/IMG_20191212_193848_resized_20191213_092700336-150x85.jpg 150w, https:\/\/www.scenesbuissonnieres.com\/scenesB\/wp-content\/uploads\/2019\/12\/IMG_20191212_193848_resized_20191213_092700336-200x113.jpg 200w, https:\/\/www.scenesbuissonnieres.com\/scenesB\/wp-content\/uploads\/2019\/12\/IMG_20191212_193848_resized_20191213_092700336-450x254.jpg 450w, https:\/\/www.scenesbuissonnieres.com\/scenesB\/wp-content\/uploads\/2019\/12\/IMG_20191212_193848_resized_20191213_092700336-600x339.jpg 600w\" sizes=\"(max-width: 796px) 100vw, 796px\" \/><\/figure><\/li><\/ul><\/figure>\n\n\n\n<p>Une prochaine r\u00e9union est pr\u00e9vue d\u00e9but f\u00e9vrier  pour visiter le village avec toutes les troupes participantes. Chacune pourra ainsi choisir son lieu d&rsquo;\u00e9volution.<\/p>\n\n\n\n<figure class=\"wp-block-gallery columns-2 is-cropped wp-block-gallery-3 is-layout-flex\"><ul class=\"blocks-gallery-grid\"><li class=\"blocks-gallery-item\"><figure><img decoding=\"async\" loading=\"lazy\" width=\"624\" height=\"312\" src=\"http:\/\/www.scenesbuissonnieres.com\/scenesB\/wp-content\/uploads\/2019\/12\/20190828_153210-copie.jpg\" alt=\"\" data-id=\"901\" data-link=\"http:\/\/www.scenesbuissonnieres.com\/scenesB\/2019\/12\/13\/reunion-des-troupes\/20190828_153210-copie\/\" class=\"wp-image-901\" srcset=\"https:\/\/www.scenesbuissonnieres.com\/scenesB\/wp-content\/uploads\/2019\/12\/20190828_153210-copie.jpg 624w, https:\/\/www.scenesbuissonnieres.com\/scenesB\/wp-content\/uploads\/2019\/12\/20190828_153210-copie-300x150.jpg 300w, https:\/\/www.scenesbuissonnieres.com\/scenesB\/wp-content\/uploads\/2019\/12\/20190828_153210-copie-100x50.jpg 100w, https:\/\/www.scenesbuissonnieres.com\/scenesB\/wp-content\/uploads\/2019\/12\/20190828_153210-copie-150x75.jpg 150w, https:\/\/www.scenesbuissonnieres.com\/scenesB\/wp-content\/uploads\/2019\/12\/20190828_153210-copie-200x100.jpg 200w, https:\/\/www.scenesbuissonnieres.com\/scenesB\/wp-content\/uploads\/2019\/12\/20190828_153210-copie-450x225.jpg 450w, https:\/\/www.scenesbuissonnieres.com\/scenesB\/wp-content\/uploads\/2019\/12\/20190828_153210-copie-600x300.jpg 600w\" sizes=\"(max-width: 624px) 100vw, 624px\" \/><\/figure><\/li><li class=\"blocks-gallery-item\"><figure><img decoding=\"async\" loading=\"lazy\" width=\"624\" height=\"312\" src=\"http:\/\/www.scenesbuissonnieres.com\/scenesB\/wp-content\/uploads\/2019\/12\/20190828_153234-copie.jpg\" alt=\"\" data-id=\"902\" data-link=\"http:\/\/www.scenesbuissonnieres.com\/scenesB\/2019\/12\/13\/reunion-des-troupes\/20190828_153234-copie\/\" class=\"wp-image-902\" srcset=\"https:\/\/www.scenesbuissonnieres.com\/scenesB\/wp-content\/uploads\/2019\/12\/20190828_153234-copie.jpg 624w, https:\/\/www.scenesbuissonnieres.com\/scenesB\/wp-content\/uploads\/2019\/12\/20190828_153234-copie-300x150.jpg 300w, https:\/\/www.scenesbuissonnieres.com\/scenesB\/wp-content\/uploads\/2019\/12\/20190828_153234-copie-100x50.jpg 100w, https:\/\/www.scenesbuissonnieres.com\/scenesB\/wp-content\/uploads\/2019\/12\/20190828_153234-copie-150x75.jpg 150w, https:\/\/www.scenesbuissonnieres.com\/scenesB\/wp-content\/uploads\/2019\/12\/20190828_153234-copie-200x100.jpg 200w, https:\/\/www.scenesbuissonnieres.com\/scenesB\/wp-content\/uploads\/2019\/12\/20190828_153234-copie-450x225.jpg 450w, https:\/\/www.scenesbuissonnieres.com\/scenesB\/wp-content\/uploads\/2019\/12\/20190828_153234-copie-600x300.jpg 600w\" sizes=\"(max-width: 624px) 100vw, 624px\" \/><\/figure><\/li><li class=\"blocks-gallery-item\"><figure><img decoding=\"async\" loading=\"lazy\" width=\"624\" height=\"312\" src=\"http:\/\/www.scenesbuissonnieres.com\/scenesB\/wp-content\/uploads\/2019\/12\/20190828_153257-copie.jpg\" alt=\"\" data-id=\"903\" data-link=\"http:\/\/www.scenesbuissonnieres.com\/scenesB\/2019\/12\/13\/reunion-des-troupes\/20190828_153257-copie\/\" class=\"wp-image-903\" srcset=\"https:\/\/www.scenesbuissonnieres.com\/scenesB\/wp-content\/uploads\/2019\/12\/20190828_153257-copie.jpg 624w, https:\/\/www.scenesbuissonnieres.com\/scenesB\/wp-content\/uploads\/2019\/12\/20190828_153257-copie-300x150.jpg 300w, https:\/\/www.scenesbuissonnieres.com\/scenesB\/wp-content\/uploads\/2019\/12\/20190828_153257-copie-100x50.jpg 100w, https:\/\/www.scenesbuissonnieres.com\/scenesB\/wp-content\/uploads\/2019\/12\/20190828_153257-copie-150x75.jpg 150w, https:\/\/www.scenesbuissonnieres.com\/scenesB\/wp-content\/uploads\/2019\/12\/20190828_153257-copie-200x100.jpg 200w, https:\/\/www.scenesbuissonnieres.com\/scenesB\/wp-content\/uploads\/2019\/12\/20190828_153257-copie-450x225.jpg 450w, https:\/\/www.scenesbuissonnieres.com\/scenesB\/wp-content\/uploads\/2019\/12\/20190828_153257-copie-600x300.jpg 600w\" sizes=\"(max-width: 624px) 100vw, 624px\" \/><\/figure><\/li><li class=\"blocks-gallery-item\"><figure><img decoding=\"async\" loading=\"lazy\" width=\"624\" height=\"312\" src=\"http:\/\/www.scenesbuissonnieres.com\/scenesB\/wp-content\/uploads\/2019\/12\/20190828_153542_Burst14-copie.jpg\" alt=\"\" data-id=\"904\" data-link=\"http:\/\/www.scenesbuissonnieres.com\/scenesB\/2019\/12\/13\/reunion-des-troupes\/20190828_153542_burst14-copie\/\" class=\"wp-image-904\" srcset=\"https:\/\/www.scenesbuissonnieres.com\/scenesB\/wp-content\/uploads\/2019\/12\/20190828_153542_Burst14-copie.jpg 624w, https:\/\/www.scenesbuissonnieres.com\/scenesB\/wp-content\/uploads\/2019\/12\/20190828_153542_Burst14-copie-300x150.jpg 300w, https:\/\/www.scenesbuissonnieres.com\/scenesB\/wp-content\/uploads\/2019\/12\/20190828_153542_Burst14-copie-100x50.jpg 100w, https:\/\/www.scenesbuissonnieres.com\/scenesB\/wp-content\/uploads\/2019\/12\/20190828_153542_Burst14-copie-150x75.jpg 150w, https:\/\/www.scenesbuissonnieres.com\/scenesB\/wp-content\/uploads\/2019\/12\/20190828_153542_Burst14-copie-200x100.jpg 200w, https:\/\/www.scenesbuissonnieres.com\/scenesB\/wp-content\/uploads\/2019\/12\/20190828_153542_Burst14-copie-450x225.jpg 450w, https:\/\/www.scenesbuissonnieres.com\/scenesB\/wp-content\/uploads\/2019\/12\/20190828_153542_Burst14-copie-600x300.jpg 600w\" sizes=\"(max-width: 624px) 100vw, 624px\" \/><\/figure><\/li><li class=\"blocks-gallery-item\"><figure><img decoding=\"async\" loading=\"lazy\" width=\"624\" height=\"312\" src=\"http:\/\/www.scenesbuissonnieres.com\/scenesB\/wp-content\/uploads\/2019\/12\/20190828_155050-copie.jpg\" alt=\"\" data-id=\"908\" data-link=\"http:\/\/www.scenesbuissonnieres.com\/scenesB\/2019\/12\/13\/reunion-des-troupes\/20190828_155050-copie\/\" class=\"wp-image-908\" srcset=\"https:\/\/www.scenesbuissonnieres.com\/scenesB\/wp-content\/uploads\/2019\/12\/20190828_155050-copie.jpg 624w, https:\/\/www.scenesbuissonnieres.com\/scenesB\/wp-content\/uploads\/2019\/12\/20190828_155050-copie-300x150.jpg 300w, https:\/\/www.scenesbuissonnieres.com\/scenesB\/wp-content\/uploads\/2019\/12\/20190828_155050-copie-100x50.jpg 100w, https:\/\/www.scenesbuissonnieres.com\/scenesB\/wp-content\/uploads\/2019\/12\/20190828_155050-copie-150x75.jpg 150w, https:\/\/www.scenesbuissonnieres.com\/scenesB\/wp-content\/uploads\/2019\/12\/20190828_155050-copie-200x100.jpg 200w, https:\/\/www.scenesbuissonnieres.com\/scenesB\/wp-content\/uploads\/2019\/12\/20190828_155050-copie-450x225.jpg 450w, https:\/\/www.scenesbuissonnieres.com\/scenesB\/wp-content\/uploads\/2019\/12\/20190828_155050-copie-600x300.jpg 600w\" sizes=\"(max-width: 624px) 100vw, 624px\" \/><\/figure><\/li><li class=\"blocks-gallery-item\"><figure><img decoding=\"async\" loading=\"lazy\" width=\"624\" height=\"312\" src=\"http:\/\/www.scenesbuissonnieres.com\/scenesB\/wp-content\/uploads\/2019\/12\/20190828_154922-copie.jpg\" alt=\"\" data-id=\"909\" data-link=\"http:\/\/www.scenesbuissonnieres.com\/scenesB\/2019\/12\/13\/reunion-des-troupes\/20190828_154922-copie\/\" class=\"wp-image-909\" srcset=\"https:\/\/www.scenesbuissonnieres.com\/scenesB\/wp-content\/uploads\/2019\/12\/20190828_154922-copie.jpg 624w, https:\/\/www.scenesbuissonnieres.com\/scenesB\/wp-content\/uploads\/2019\/12\/20190828_154922-copie-300x150.jpg 300w, https:\/\/www.scenesbuissonnieres.com\/scenesB\/wp-content\/uploads\/2019\/12\/20190828_154922-copie-100x50.jpg 100w, https:\/\/www.scenesbuissonnieres.com\/scenesB\/wp-content\/uploads\/2019\/12\/20190828_154922-copie-150x75.jpg 150w, https:\/\/www.scenesbuissonnieres.com\/scenesB\/wp-content\/uploads\/2019\/12\/20190828_154922-copie-200x100.jpg 200w, https:\/\/www.scenesbuissonnieres.com\/scenesB\/wp-content\/uploads\/2019\/12\/20190828_154922-copie-450x225.jpg 450w, https:\/\/www.scenesbuissonnieres.com\/scenesB\/wp-content\/uploads\/2019\/12\/20190828_154922-copie-600x300.jpg 600w\" sizes=\"(max-width: 624px) 100vw, 624px\" \/><\/figure><\/li><li class=\"blocks-gallery-item\"><figure><img decoding=\"async\" loading=\"lazy\" width=\"616\" height=\"312\" src=\"http:\/\/www.scenesbuissonnieres.com\/scenesB\/wp-content\/uploads\/2019\/12\/20190828_155723-copie-1.jpg\" alt=\"\" data-id=\"910\" data-link=\"http:\/\/www.scenesbuissonnieres.com\/scenesB\/2019\/12\/13\/reunion-des-troupes\/20190828_155723-copie-1\/\" class=\"wp-image-910\" srcset=\"https:\/\/www.scenesbuissonnieres.com\/scenesB\/wp-content\/uploads\/2019\/12\/20190828_155723-copie-1.jpg 616w, https:\/\/www.scenesbuissonnieres.com\/scenesB\/wp-content\/uploads\/2019\/12\/20190828_155723-copie-1-300x152.jpg 300w, https:\/\/www.scenesbuissonnieres.com\/scenesB\/wp-content\/uploads\/2019\/12\/20190828_155723-copie-1-100x51.jpg 100w, https:\/\/www.scenesbuissonnieres.com\/scenesB\/wp-content\/uploads\/2019\/12\/20190828_155723-copie-1-150x76.jpg 150w, https:\/\/www.scenesbuissonnieres.com\/scenesB\/wp-content\/uploads\/2019\/12\/20190828_155723-copie-1-200x101.jpg 200w, https:\/\/www.scenesbuissonnieres.com\/scenesB\/wp-content\/uploads\/2019\/12\/20190828_155723-copie-1-450x228.jpg 450w, https:\/\/www.scenesbuissonnieres.com\/scenesB\/wp-content\/uploads\/2019\/12\/20190828_155723-copie-1-600x304.jpg 600w\" sizes=\"(max-width: 616px) 100vw, 616px\" \/><\/figure><\/li><li class=\"blocks-gallery-item\"><figure><img decoding=\"async\" loading=\"lazy\" width=\"624\" height=\"312\" src=\"http:\/\/www.scenesbuissonnieres.com\/scenesB\/wp-content\/uploads\/2019\/12\/20190828_162837-copie.jpg\" alt=\"\" data-id=\"911\" data-full-url=\"http:\/\/www.scenesbuissonnieres.com\/scenesB\/wp-content\/uploads\/2019\/12\/20190828_162837-copie.jpg\" data-link=\"http:\/\/www.scenesbuissonnieres.com\/scenesB\/2019\/12\/13\/reunion-des-troupes\/20190828_162837-copie\/\" class=\"wp-image-911\" srcset=\"https:\/\/www.scenesbuissonnieres.com\/scenesB\/wp-content\/uploads\/2019\/12\/20190828_162837-copie.jpg 624w, https:\/\/www.scenesbuissonnieres.com\/scenesB\/wp-content\/uploads\/2019\/12\/20190828_162837-copie-300x150.jpg 300w, https:\/\/www.scenesbuissonnieres.com\/scenesB\/wp-content\/uploads\/2019\/12\/20190828_162837-copie-100x50.jpg 100w, https:\/\/www.scenesbuissonnieres.com\/scenesB\/wp-content\/uploads\/2019\/12\/20190828_162837-copie-150x75.jpg 150w, https:\/\/www.scenesbuissonnieres.com\/scenesB\/wp-content\/uploads\/2019\/12\/20190828_162837-copie-200x100.jpg 200w, https:\/\/www.scenesbuissonnieres.com\/scenesB\/wp-content\/uploads\/2019\/12\/20190828_162837-copie-450x225.jpg 450w, https:\/\/www.scenesbuissonnieres.com\/scenesB\/wp-content\/uploads\/2019\/12\/20190828_162837-copie-600x300.jpg 600w\" sizes=\"(max-width: 624px) 100vw, 624px\" \/><\/figure><\/li><\/ul><\/figure>\n","protected":false},"excerpt":{"rendered":"<p>Ce jeudi 12 d\u00e9cembre \u00e0 19 heures, les troupes partantes pour l&rsquo;\u00e9dition 2020 ont \u00e9t\u00e9 invit\u00e9es \u00e0 se r\u00e9unir dans la salle des f\u00eates de Villagrains. C&rsquo;est dans ce bourg que se d\u00e9rouleront les prochaines Sc\u00e8nes Buissonni\u00e8res, les 3-4-5 juillet &hellip;<\/p>\n<p class=\"read-more\"> <a class=\"more-link\" href=\"https:\/\/www.scenesbuissonnieres.com\/scenesB\/2019\/12\/reunion-des-troupes\/\"> <span class=\"screen-reader-text\">R\u00e9union des troupes<\/span> Read More &raquo;<\/a><\/p>\n","protected":false},"author":2,"featured_media":0,"comment_status":"closed","ping_status":"closed","sticky":false,"template":"","format":"standard","meta":[],"categories":[23],"tags":[24,25],"yoast_head":"<!-- This site is optimized with the Yoast SEO plugin v21.8.1 - https:\/\/yoast.com\/wordpress\/plugins\/seo\/ -->\n<title>R\u00e9union des troupes - Sc\u00e8nes Buissonni\u00e8res<\/title>\n<meta name=\"robots\" content=\"index, follow, max-snippet:-1, max-image-preview:large, max-video-preview:-1\" \/>\n<link rel=\"canonical\" href=\"https:\/\/www.scenesbuissonnieres.com\/scenesB\/2019\/12\/reunion-des-troupes\/\" \/>\n<meta property=\"og:locale\" content=\"fr_FR\" \/>\n<meta property=\"og:type\" content=\"article\" \/>\n<meta property=\"og:title\" content=\"R\u00e9union des troupes - Sc\u00e8nes Buissonni\u00e8res\" \/>\n<meta property=\"og:description\" content=\"Ce jeudi 12 d\u00e9cembre \u00e0 19 heures, les troupes partantes pour l&rsquo;\u00e9dition 2020 ont \u00e9t\u00e9 invit\u00e9es \u00e0 se r\u00e9unir dans la salle des f\u00eates de Villagrains. C&rsquo;est dans ce bourg que se d\u00e9rouleront les prochaines Sc\u00e8nes Buissonni\u00e8res, les 3-4-5 juillet &hellip; R\u00e9union des troupes Read More &raquo;\" \/>\n<meta property=\"og:url\" content=\"https:\/\/www.scenesbuissonnieres.com\/scenesB\/2019\/12\/reunion-des-troupes\/\" \/>\n<meta property=\"og:site_name\" content=\"Sc\u00e8nes Buissonni\u00e8res\" \/>\n<meta property=\"article:published_time\" content=\"2019-12-13T10:02:05+00:00\" \/>\n<meta property=\"article:modified_time\" content=\"2019-12-13T18:12:42+00:00\" \/>\n<meta property=\"og:image\" content=\"http:\/\/www.scenesbuissonnieres.com\/scenesB\/wp-content\/uploads\/2019\/12\/IMG_20191212_193936.jpg\" \/>\n<meta name=\"author\" content=\"plume\" \/>\n<meta name=\"twitter:card\" content=\"summary_large_image\" \/>\n<meta name=\"twitter:label1\" content=\"\u00c9crit par\" \/>\n\t<meta name=\"twitter:data1\" content=\"plume\" \/>\n\t<meta name=\"twitter:label2\" content=\"Dur\u00e9e de lecture estim\u00e9e\" \/>\n\t<meta name=\"twitter:data2\" content=\"1 minute\" \/>\n<script type=\"application\/ld+json\" class=\"yoast-schema-graph\">{\"@context\":\"https:\/\/schema.org\",\"@graph\":[{\"@type\":\"Article\",\"@id\":\"https:\/\/www.scenesbuissonnieres.com\/scenesB\/2019\/12\/reunion-des-troupes\/#article\",\"isPartOf\":{\"@id\":\"https:\/\/www.scenesbuissonnieres.com\/scenesB\/2019\/12\/reunion-des-troupes\/\"},\"author\":{\"name\":\"plume\",\"@id\":\"https:\/\/www.scenesbuissonnieres.com\/scenesB\/#\/schema\/person\/a63060baea90e55013ef01d23ad544e7\"},\"headline\":\"R\u00e9union des troupes\",\"datePublished\":\"2019-12-13T10:02:05+00:00\",\"dateModified\":\"2019-12-13T18:12:42+00:00\",\"mainEntityOfPage\":{\"@id\":\"https:\/\/www.scenesbuissonnieres.com\/scenesB\/2019\/12\/reunion-des-troupes\/\"},\"wordCount\":116,\"publisher\":{\"@id\":\"https:\/\/www.scenesbuissonnieres.com\/scenesB\/#organization\"},\"keywords\":[\"r\u00e9union des troupes\",\"villagrains\"],\"articleSection\":[\"Festival 2020\"],\"inLanguage\":\"fr-FR\"},{\"@type\":\"WebPage\",\"@id\":\"https:\/\/www.scenesbuissonnieres.com\/scenesB\/2019\/12\/reunion-des-troupes\/\",\"url\":\"https:\/\/www.scenesbuissonnieres.com\/scenesB\/2019\/12\/reunion-des-troupes\/\",\"name\":\"R\u00e9union des troupes - Sc\u00e8nes Buissonni\u00e8res\",\"isPartOf\":{\"@id\":\"https:\/\/www.scenesbuissonnieres.com\/scenesB\/#website\"},\"datePublished\":\"2019-12-13T10:02:05+00:00\",\"dateModified\":\"2019-12-13T18:12:42+00:00\",\"breadcrumb\":{\"@id\":\"https:\/\/www.scenesbuissonnieres.com\/scenesB\/2019\/12\/reunion-des-troupes\/#breadcrumb\"},\"inLanguage\":\"fr-FR\",\"potentialAction\":[{\"@type\":\"ReadAction\",\"target\":[\"https:\/\/www.scenesbuissonnieres.com\/scenesB\/2019\/12\/reunion-des-troupes\/\"]}]},{\"@type\":\"BreadcrumbList\",\"@id\":\"https:\/\/www.scenesbuissonnieres.com\/scenesB\/2019\/12\/reunion-des-troupes\/#breadcrumb\",\"itemListElement\":[{\"@type\":\"ListItem\",\"position\":1,\"name\":\"Accueil\",\"item\":\"https:\/\/www.scenesbuissonnieres.com\/scenesB\/\"},{\"@type\":\"ListItem\",\"position\":2,\"name\":\"R\u00e9union des troupes\"}]},{\"@type\":\"WebSite\",\"@id\":\"https:\/\/www.scenesbuissonnieres.com\/scenesB\/#website\",\"url\":\"https:\/\/www.scenesbuissonnieres.com\/scenesB\/\",\"name\":\"Sc\u00e8nes Buissonni\u00e8res\",\"description\":\"Le Festival de Th\u00e9\u00e2tre\",\"publisher\":{\"@id\":\"https:\/\/www.scenesbuissonnieres.com\/scenesB\/#organization\"},\"potentialAction\":[{\"@type\":\"SearchAction\",\"target\":{\"@type\":\"EntryPoint\",\"urlTemplate\":\"https:\/\/www.scenesbuissonnieres.com\/scenesB\/?s={search_term_string}\"},\"query-input\":\"required name=search_term_string\"}],\"inLanguage\":\"fr-FR\"},{\"@type\":\"Organization\",\"@id\":\"https:\/\/www.scenesbuissonnieres.com\/scenesB\/#organization\",\"name\":\"Sc\u00e8nes Buissonni\u00e8res\",\"url\":\"https:\/\/www.scenesbuissonnieres.com\/scenesB\/\",\"logo\":{\"@type\":\"ImageObject\",\"inLanguage\":\"fr-FR\",\"@id\":\"https:\/\/www.scenesbuissonnieres.com\/scenesB\/#\/schema\/logo\/image\/\",\"url\":\"https:\/\/www.scenesbuissonnieres.com\/scenesB\/wp-content\/uploads\/2025\/12\/Bandeau_Site_2026.png\",\"contentUrl\":\"https:\/\/www.scenesbuissonnieres.com\/scenesB\/wp-content\/uploads\/2025\/12\/Bandeau_Site_2026.png\",\"width\":760,\"height\":200,\"caption\":\"Sc\u00e8nes Buissonni\u00e8res\"},\"image\":{\"@id\":\"https:\/\/www.scenesbuissonnieres.com\/scenesB\/#\/schema\/logo\/image\/\"}},{\"@type\":\"Person\",\"@id\":\"https:\/\/www.scenesbuissonnieres.com\/scenesB\/#\/schema\/person\/a63060baea90e55013ef01d23ad544e7\",\"name\":\"plume\",\"image\":{\"@type\":\"ImageObject\",\"inLanguage\":\"fr-FR\",\"@id\":\"https:\/\/www.scenesbuissonnieres.com\/scenesB\/#\/schema\/person\/image\/\",\"url\":\"https:\/\/secure.gravatar.com\/avatar\/e0b2d309e768c4daf3e1aa1e43c04d10?s=96&d=monsterid&r=g\",\"contentUrl\":\"https:\/\/secure.gravatar.com\/avatar\/e0b2d309e768c4daf3e1aa1e43c04d10?s=96&d=monsterid&r=g\",\"caption\":\"plume\"},\"url\":\"https:\/\/www.scenesbuissonnieres.com\/scenesB\/author\/plume\/\"}]}<\/script>\n<!-- \/ Yoast SEO plugin. -->","yoast_head_json":{"title":"R\u00e9union des troupes - Sc\u00e8nes Buissonni\u00e8res","robots":{"index":"index","follow":"follow","max-snippet":"max-snippet:-1","max-image-preview":"max-image-preview:large","max-video-preview":"max-video-preview:-1"},"canonical":"https:\/\/www.scenesbuissonnieres.com\/scenesB\/2019\/12\/reunion-des-troupes\/","og_locale":"fr_FR","og_type":"article","og_title":"R\u00e9union des troupes - Sc\u00e8nes Buissonni\u00e8res","og_description":"Ce jeudi 12 d\u00e9cembre \u00e0 19 heures, les troupes partantes pour l&rsquo;\u00e9dition 2020 ont \u00e9t\u00e9 invit\u00e9es \u00e0 se r\u00e9unir dans la salle des f\u00eates de Villagrains. C&rsquo;est dans ce bourg que se d\u00e9rouleront les prochaines Sc\u00e8nes Buissonni\u00e8res, les 3-4-5 juillet &hellip; R\u00e9union des troupes Read More &raquo;","og_url":"https:\/\/www.scenesbuissonnieres.com\/scenesB\/2019\/12\/reunion-des-troupes\/","og_site_name":"Sc\u00e8nes Buissonni\u00e8res","article_published_time":"2019-12-13T10:02:05+00:00","article_modified_time":"2019-12-13T18:12:42+00:00","og_image":[{"url":"http:\/\/www.scenesbuissonnieres.com\/scenesB\/wp-content\/uploads\/2019\/12\/IMG_20191212_193936.jpg"}],"author":"plume","twitter_card":"summary_large_image","twitter_misc":{"\u00c9crit par":"plume","Dur\u00e9e de lecture estim\u00e9e":"1 minute"},"schema":{"@context":"https:\/\/schema.org","@graph":[{"@type":"Article","@id":"https:\/\/www.scenesbuissonnieres.com\/scenesB\/2019\/12\/reunion-des-troupes\/#article","isPartOf":{"@id":"https:\/\/www.scenesbuissonnieres.com\/scenesB\/2019\/12\/reunion-des-troupes\/"},"author":{"name":"plume","@id":"https:\/\/www.scenesbuissonnieres.com\/scenesB\/#\/schema\/person\/a63060baea90e55013ef01d23ad544e7"},"headline":"R\u00e9union des troupes","datePublished":"2019-12-13T10:02:05+00:00","dateModified":"2019-12-13T18:12:42+00:00","mainEntityOfPage":{"@id":"https:\/\/www.scenesbuissonnieres.com\/scenesB\/2019\/12\/reunion-des-troupes\/"},"wordCount":116,"publisher":{"@id":"https:\/\/www.scenesbuissonnieres.com\/scenesB\/#organization"},"keywords":["r\u00e9union des troupes","villagrains"],"articleSection":["Festival 2020"],"inLanguage":"fr-FR"},{"@type":"WebPage","@id":"https:\/\/www.scenesbuissonnieres.com\/scenesB\/2019\/12\/reunion-des-troupes\/","url":"https:\/\/www.scenesbuissonnieres.com\/scenesB\/2019\/12\/reunion-des-troupes\/","name":"R\u00e9union des troupes - Sc\u00e8nes Buissonni\u00e8res","isPartOf":{"@id":"https:\/\/www.scenesbuissonnieres.com\/scenesB\/#website"},"datePublished":"2019-12-13T10:02:05+00:00","dateModified":"2019-12-13T18:12:42+00:00","breadcrumb":{"@id":"https:\/\/www.scenesbuissonnieres.com\/scenesB\/2019\/12\/reunion-des-troupes\/#breadcrumb"},"inLanguage":"fr-FR","potentialAction":[{"@type":"ReadAction","target":["https:\/\/www.scenesbuissonnieres.com\/scenesB\/2019\/12\/reunion-des-troupes\/"]}]},{"@type":"BreadcrumbList","@id":"https:\/\/www.scenesbuissonnieres.com\/scenesB\/2019\/12\/reunion-des-troupes\/#breadcrumb","itemListElement":[{"@type":"ListItem","position":1,"name":"Accueil","item":"https:\/\/www.scenesbuissonnieres.com\/scenesB\/"},{"@type":"ListItem","position":2,"name":"R\u00e9union des troupes"}]},{"@type":"WebSite","@id":"https:\/\/www.scenesbuissonnieres.com\/scenesB\/#website","url":"https:\/\/www.scenesbuissonnieres.com\/scenesB\/","name":"Sc\u00e8nes Buissonni\u00e8res","description":"Le Festival de Th\u00e9\u00e2tre","publisher":{"@id":"https:\/\/www.scenesbuissonnieres.com\/scenesB\/#organization"},"potentialAction":[{"@type":"SearchAction","target":{"@type":"EntryPoint","urlTemplate":"https:\/\/www.scenesbuissonnieres.com\/scenesB\/?s={search_term_string}"},"query-input":"required name=search_term_string"}],"inLanguage":"fr-FR"},{"@type":"Organization","@id":"https:\/\/www.scenesbuissonnieres.com\/scenesB\/#organization","name":"Sc\u00e8nes Buissonni\u00e8res","url":"https:\/\/www.scenesbuissonnieres.com\/scenesB\/","logo":{"@type":"ImageObject","inLanguage":"fr-FR","@id":"https:\/\/www.scenesbuissonnieres.com\/scenesB\/#\/schema\/logo\/image\/","url":"https:\/\/www.scenesbuissonnieres.com\/scenesB\/wp-content\/uploads\/2025\/12\/Bandeau_Site_2026.png","contentUrl":"https:\/\/www.scenesbuissonnieres.com\/scenesB\/wp-content\/uploads\/2025\/12\/Bandeau_Site_2026.png","width":760,"height":200,"caption":"Sc\u00e8nes Buissonni\u00e8res"},"image":{"@id":"https:\/\/www.scenesbuissonnieres.com\/scenesB\/#\/schema\/logo\/image\/"}},{"@type":"Person","@id":"https:\/\/www.scenesbuissonnieres.com\/scenesB\/#\/schema\/person\/a63060baea90e55013ef01d23ad544e7","name":"plume","image":{"@type":"ImageObject","inLanguage":"fr-FR","@id":"https:\/\/www.scenesbuissonnieres.com\/scenesB\/#\/schema\/person\/image\/","url":"https:\/\/secure.gravatar.com\/avatar\/e0b2d309e768c4daf3e1aa1e43c04d10?s=96&d=monsterid&r=g","contentUrl":"https:\/\/secure.gravatar.com\/avatar\/e0b2d309e768c4daf3e1aa1e43c04d10?s=96&d=monsterid&r=g","caption":"plume"},"url":"https:\/\/www.scenesbuissonnieres.com\/scenesB\/author\/plume\/"}]}},"_links":{"self":[{"href":"https:\/\/www.scenesbuissonnieres.com\/scenesB\/wp-json\/wp\/v2\/posts\/865"}],"collection":[{"href":"https:\/\/www.scenesbuissonnieres.com\/scenesB\/wp-json\/wp\/v2\/posts"}],"about":[{"href":"https:\/\/www.scenesbuissonnieres.com\/scenesB\/wp-json\/wp\/v2\/types\/post"}],"author":[{"embeddable":true,"href":"https:\/\/www.scenesbuissonnieres.com\/scenesB\/wp-json\/wp\/v2\/users\/2"}],"replies":[{"embeddable":true,"href":"https:\/\/www.scenesbuissonnieres.com\/scenesB\/wp-json\/wp\/v2\/comments?post=865"}],"version-history":[{"count":9,"href":"https:\/\/www.scenesbuissonnieres.com\/scenesB\/wp-json\/wp\/v2\/posts\/865\/revisions"}],"predecessor-version":[{"id":912,"href":"https:\/\/www.scenesbuissonnieres.com\/scenesB\/wp-json\/wp\/v2\/posts\/865\/revisions\/912"}],"wp:attachment":[{"href":"https:\/\/www.scenesbuissonnieres.com\/scenesB\/wp-json\/wp\/v2\/media?parent=865"}],"wp:term":[{"taxonomy":"category","embeddable":true,"href":"https:\/\/www.scenesbuissonnieres.com\/scenesB\/wp-json\/wp\/v2\/categories?post=865"},{"taxonomy":"post_tag","embeddable":true,"href":"https:\/\/www.scenesbuissonnieres.com\/scenesB\/wp-json\/wp\/v2\/tags?post=865"}],"curies":[{"name":"wp","href":"https:\/\/api.w.org\/{rel}","templated":true}]}}