{"id":756,"date":"2019-04-20T00:56:49","date_gmt":"2019-04-19T23:56:49","guid":{"rendered":"http:\/\/www.scenesbuissonnieres.com\/scenesB\/?p=756"},"modified":"2019-04-20T10:22:07","modified_gmt":"2019-04-20T09:22:07","slug":"chorale-voix-si-voix-la","status":"publish","type":"post","link":"https:\/\/www.scenesbuissonnieres.com\/scenesB\/2019\/04\/chorale-voix-si-voix-la\/","title":{"rendered":"Chorale Voix Si, Voix La"},"content":{"rendered":"\n<p>Implant\u00e9e \u00e0 Saint-Selve, l&rsquo;ASCCG propose \u00e0 ses adh\u00e9rents une quinzaine d&rsquo;activit\u00e9s sportives, culturelles et de loisirs.<\/p>\n\n\n\n<figure class=\"wp-block-image is-resized\"><img decoding=\"async\" loading=\"lazy\" src=\"http:\/\/www.scenesbuissonnieres.com\/scenesB\/wp-content\/uploads\/2019\/04\/SB_2017-VSVL-012-1024x684.jpg\" alt=\"\" class=\"wp-image-758\" width=\"512\" height=\"342\" srcset=\"https:\/\/www.scenesbuissonnieres.com\/scenesB\/wp-content\/uploads\/2019\/04\/SB_2017-VSVL-012-1024x684.jpg 1024w, https:\/\/www.scenesbuissonnieres.com\/scenesB\/wp-content\/uploads\/2019\/04\/SB_2017-VSVL-012-300x200.jpg 300w, https:\/\/www.scenesbuissonnieres.com\/scenesB\/wp-content\/uploads\/2019\/04\/SB_2017-VSVL-012-768x513.jpg 768w, https:\/\/www.scenesbuissonnieres.com\/scenesB\/wp-content\/uploads\/2019\/04\/SB_2017-VSVL-012-100x67.jpg 100w, https:\/\/www.scenesbuissonnieres.com\/scenesB\/wp-content\/uploads\/2019\/04\/SB_2017-VSVL-012-150x100.jpg 150w, https:\/\/www.scenesbuissonnieres.com\/scenesB\/wp-content\/uploads\/2019\/04\/SB_2017-VSVL-012-200x134.jpg 200w, https:\/\/www.scenesbuissonnieres.com\/scenesB\/wp-content\/uploads\/2019\/04\/SB_2017-VSVL-012-450x301.jpg 450w, https:\/\/www.scenesbuissonnieres.com\/scenesB\/wp-content\/uploads\/2019\/04\/SB_2017-VSVL-012-600x401.jpg 600w, https:\/\/www.scenesbuissonnieres.com\/scenesB\/wp-content\/uploads\/2019\/04\/SB_2017-VSVL-012-900x601.jpg 900w, https:\/\/www.scenesbuissonnieres.com\/scenesB\/wp-content\/uploads\/2019\/04\/SB_2017-VSVL-012.jpg 1280w\" sizes=\"(max-width: 512px) 100vw, 512px\" \/><\/figure>\n\n\n\n<p>\n\nSa chorale \u00ab\u00a0Voix Si, Voix La\u00a0\u00bb travaille un r\u00e9pertoire \u00e9clectique de vari\u00e9t\u00e9s et de chants du monde qu&rsquo;elle interpr\u00e8te a capella en harmonisations \u00e0 3 voix. \n\n<\/p>\n","protected":false},"excerpt":{"rendered":"<p>Implant\u00e9e \u00e0 Saint-Selve, l&rsquo;ASCCG propose \u00e0 ses adh\u00e9rents une quinzaine d&rsquo;activit\u00e9s sportives, culturelles et de loisirs. Sa chorale \u00ab\u00a0Voix Si, Voix La\u00a0\u00bb travaille un r\u00e9pertoire \u00e9clectique de vari\u00e9t\u00e9s et de chants du monde qu&rsquo;elle interpr\u00e8te a capella en harmonisations \u00e0 &hellip;<\/p>\n<p class=\"read-more\"> <a class=\"more-link\" href=\"https:\/\/www.scenesbuissonnieres.com\/scenesB\/2019\/04\/chorale-voix-si-voix-la\/\"> <span class=\"screen-reader-text\">Chorale Voix Si, Voix La<\/span> Read More &raquo;<\/a><\/p>\n","protected":false},"author":2,"featured_media":0,"comment_status":"closed","ping_status":"closed","sticky":false,"template":"","format":"standard","meta":[],"categories":[11],"tags":[15],"yoast_head":"<!-- This site is optimized with the Yoast SEO plugin v21.8.1 - https:\/\/yoast.com\/wordpress\/plugins\/seo\/ -->\n<title>Chorale Voix Si, Voix La - Sc\u00e8nes Buissonni\u00e8res<\/title>\n<meta name=\"robots\" content=\"index, follow, max-snippet:-1, max-image-preview:large, max-video-preview:-1\" \/>\n<link rel=\"canonical\" href=\"https:\/\/www.scenesbuissonnieres.com\/scenesB\/2019\/04\/chorale-voix-si-voix-la\/\" \/>\n<meta property=\"og:locale\" content=\"fr_FR\" \/>\n<meta property=\"og:type\" content=\"article\" \/>\n<meta property=\"og:title\" content=\"Chorale Voix Si, Voix La - Sc\u00e8nes Buissonni\u00e8res\" \/>\n<meta property=\"og:description\" content=\"Implant\u00e9e \u00e0 Saint-Selve, l&rsquo;ASCCG propose \u00e0 ses adh\u00e9rents une quinzaine d&rsquo;activit\u00e9s sportives, culturelles et de loisirs. Sa chorale \u00ab\u00a0Voix Si, Voix La\u00a0\u00bb travaille un r\u00e9pertoire \u00e9clectique de vari\u00e9t\u00e9s et de chants du monde qu&rsquo;elle interpr\u00e8te a capella en harmonisations \u00e0 &hellip; Chorale Voix Si, Voix La Read More &raquo;\" \/>\n<meta property=\"og:url\" content=\"https:\/\/www.scenesbuissonnieres.com\/scenesB\/2019\/04\/chorale-voix-si-voix-la\/\" \/>\n<meta property=\"og:site_name\" content=\"Sc\u00e8nes Buissonni\u00e8res\" \/>\n<meta property=\"article:published_time\" content=\"2019-04-19T23:56:49+00:00\" \/>\n<meta property=\"article:modified_time\" content=\"2019-04-20T09:22:07+00:00\" \/>\n<meta property=\"og:image\" content=\"http:\/\/www.scenesbuissonnieres.com\/scenesB\/wp-content\/uploads\/2019\/04\/SB_2017-VSVL-012-1024x684.jpg\" \/>\n<meta name=\"author\" content=\"plume\" \/>\n<meta name=\"twitter:card\" content=\"summary_large_image\" \/>\n<meta name=\"twitter:label1\" content=\"\u00c9crit par\" \/>\n\t<meta name=\"twitter:data1\" content=\"plume\" \/>\n<script type=\"application\/ld+json\" class=\"yoast-schema-graph\">{\"@context\":\"https:\/\/schema.org\",\"@graph\":[{\"@type\":\"Article\",\"@id\":\"https:\/\/www.scenesbuissonnieres.com\/scenesB\/2019\/04\/chorale-voix-si-voix-la\/#article\",\"isPartOf\":{\"@id\":\"https:\/\/www.scenesbuissonnieres.com\/scenesB\/2019\/04\/chorale-voix-si-voix-la\/\"},\"author\":{\"name\":\"plume\",\"@id\":\"https:\/\/www.scenesbuissonnieres.com\/scenesB\/#\/schema\/person\/a63060baea90e55013ef01d23ad544e7\"},\"headline\":\"Chorale Voix Si, Voix La\",\"datePublished\":\"2019-04-19T23:56:49+00:00\",\"dateModified\":\"2019-04-20T09:22:07+00:00\",\"mainEntityOfPage\":{\"@id\":\"https:\/\/www.scenesbuissonnieres.com\/scenesB\/2019\/04\/chorale-voix-si-voix-la\/\"},\"wordCount\":50,\"publisher\":{\"@id\":\"https:\/\/www.scenesbuissonnieres.com\/scenesB\/#organization\"},\"keywords\":[\"voix si voix la\"],\"articleSection\":[\"Festival 2019\"],\"inLanguage\":\"fr-FR\"},{\"@type\":\"WebPage\",\"@id\":\"https:\/\/www.scenesbuissonnieres.com\/scenesB\/2019\/04\/chorale-voix-si-voix-la\/\",\"url\":\"https:\/\/www.scenesbuissonnieres.com\/scenesB\/2019\/04\/chorale-voix-si-voix-la\/\",\"name\":\"Chorale Voix Si, Voix La - Sc\u00e8nes Buissonni\u00e8res\",\"isPartOf\":{\"@id\":\"https:\/\/www.scenesbuissonnieres.com\/scenesB\/#website\"},\"datePublished\":\"2019-04-19T23:56:49+00:00\",\"dateModified\":\"2019-04-20T09:22:07+00:00\",\"breadcrumb\":{\"@id\":\"https:\/\/www.scenesbuissonnieres.com\/scenesB\/2019\/04\/chorale-voix-si-voix-la\/#breadcrumb\"},\"inLanguage\":\"fr-FR\",\"potentialAction\":[{\"@type\":\"ReadAction\",\"target\":[\"https:\/\/www.scenesbuissonnieres.com\/scenesB\/2019\/04\/chorale-voix-si-voix-la\/\"]}]},{\"@type\":\"BreadcrumbList\",\"@id\":\"https:\/\/www.scenesbuissonnieres.com\/scenesB\/2019\/04\/chorale-voix-si-voix-la\/#breadcrumb\",\"itemListElement\":[{\"@type\":\"ListItem\",\"position\":1,\"name\":\"Accueil\",\"item\":\"https:\/\/www.scenesbuissonnieres.com\/scenesB\/\"},{\"@type\":\"ListItem\",\"position\":2,\"name\":\"Chorale Voix Si, Voix La\"}]},{\"@type\":\"WebSite\",\"@id\":\"https:\/\/www.scenesbuissonnieres.com\/scenesB\/#website\",\"url\":\"https:\/\/www.scenesbuissonnieres.com\/scenesB\/\",\"name\":\"Sc\u00e8nes Buissonni\u00e8res\",\"description\":\"Le Festival de Th\u00e9\u00e2tre\",\"publisher\":{\"@id\":\"https:\/\/www.scenesbuissonnieres.com\/scenesB\/#organization\"},\"potentialAction\":[{\"@type\":\"SearchAction\",\"target\":{\"@type\":\"EntryPoint\",\"urlTemplate\":\"https:\/\/www.scenesbuissonnieres.com\/scenesB\/?s={search_term_string}\"},\"query-input\":\"required name=search_term_string\"}],\"inLanguage\":\"fr-FR\"},{\"@type\":\"Organization\",\"@id\":\"https:\/\/www.scenesbuissonnieres.com\/scenesB\/#organization\",\"name\":\"Sc\u00e8nes Buissonni\u00e8res\",\"url\":\"https:\/\/www.scenesbuissonnieres.com\/scenesB\/\",\"logo\":{\"@type\":\"ImageObject\",\"inLanguage\":\"fr-FR\",\"@id\":\"https:\/\/www.scenesbuissonnieres.com\/scenesB\/#\/schema\/logo\/image\/\",\"url\":\"https:\/\/www.scenesbuissonnieres.com\/scenesB\/wp-content\/uploads\/2025\/12\/Bandeau_Site_2026.png\",\"contentUrl\":\"https:\/\/www.scenesbuissonnieres.com\/scenesB\/wp-content\/uploads\/2025\/12\/Bandeau_Site_2026.png\",\"width\":760,\"height\":200,\"caption\":\"Sc\u00e8nes Buissonni\u00e8res\"},\"image\":{\"@id\":\"https:\/\/www.scenesbuissonnieres.com\/scenesB\/#\/schema\/logo\/image\/\"}},{\"@type\":\"Person\",\"@id\":\"https:\/\/www.scenesbuissonnieres.com\/scenesB\/#\/schema\/person\/a63060baea90e55013ef01d23ad544e7\",\"name\":\"plume\",\"image\":{\"@type\":\"ImageObject\",\"inLanguage\":\"fr-FR\",\"@id\":\"https:\/\/www.scenesbuissonnieres.com\/scenesB\/#\/schema\/person\/image\/\",\"url\":\"https:\/\/secure.gravatar.com\/avatar\/e0b2d309e768c4daf3e1aa1e43c04d10?s=96&d=monsterid&r=g\",\"contentUrl\":\"https:\/\/secure.gravatar.com\/avatar\/e0b2d309e768c4daf3e1aa1e43c04d10?s=96&d=monsterid&r=g\",\"caption\":\"plume\"},\"url\":\"https:\/\/www.scenesbuissonnieres.com\/scenesB\/author\/plume\/\"}]}<\/script>\n<!-- \/ Yoast SEO plugin. -->","yoast_head_json":{"title":"Chorale Voix Si, Voix La - Sc\u00e8nes Buissonni\u00e8res","robots":{"index":"index","follow":"follow","max-snippet":"max-snippet:-1","max-image-preview":"max-image-preview:large","max-video-preview":"max-video-preview:-1"},"canonical":"https:\/\/www.scenesbuissonnieres.com\/scenesB\/2019\/04\/chorale-voix-si-voix-la\/","og_locale":"fr_FR","og_type":"article","og_title":"Chorale Voix Si, Voix La - Sc\u00e8nes Buissonni\u00e8res","og_description":"Implant\u00e9e \u00e0 Saint-Selve, l&rsquo;ASCCG propose \u00e0 ses adh\u00e9rents une quinzaine d&rsquo;activit\u00e9s sportives, culturelles et de loisirs. Sa chorale \u00ab\u00a0Voix Si, Voix La\u00a0\u00bb travaille un r\u00e9pertoire \u00e9clectique de vari\u00e9t\u00e9s et de chants du monde qu&rsquo;elle interpr\u00e8te a capella en harmonisations \u00e0 &hellip; Chorale Voix Si, Voix La Read More &raquo;","og_url":"https:\/\/www.scenesbuissonnieres.com\/scenesB\/2019\/04\/chorale-voix-si-voix-la\/","og_site_name":"Sc\u00e8nes Buissonni\u00e8res","article_published_time":"2019-04-19T23:56:49+00:00","article_modified_time":"2019-04-20T09:22:07+00:00","og_image":[{"url":"http:\/\/www.scenesbuissonnieres.com\/scenesB\/wp-content\/uploads\/2019\/04\/SB_2017-VSVL-012-1024x684.jpg"}],"author":"plume","twitter_card":"summary_large_image","twitter_misc":{"\u00c9crit par":"plume"},"schema":{"@context":"https:\/\/schema.org","@graph":[{"@type":"Article","@id":"https:\/\/www.scenesbuissonnieres.com\/scenesB\/2019\/04\/chorale-voix-si-voix-la\/#article","isPartOf":{"@id":"https:\/\/www.scenesbuissonnieres.com\/scenesB\/2019\/04\/chorale-voix-si-voix-la\/"},"author":{"name":"plume","@id":"https:\/\/www.scenesbuissonnieres.com\/scenesB\/#\/schema\/person\/a63060baea90e55013ef01d23ad544e7"},"headline":"Chorale Voix Si, Voix La","datePublished":"2019-04-19T23:56:49+00:00","dateModified":"2019-04-20T09:22:07+00:00","mainEntityOfPage":{"@id":"https:\/\/www.scenesbuissonnieres.com\/scenesB\/2019\/04\/chorale-voix-si-voix-la\/"},"wordCount":50,"publisher":{"@id":"https:\/\/www.scenesbuissonnieres.com\/scenesB\/#organization"},"keywords":["voix si voix la"],"articleSection":["Festival 2019"],"inLanguage":"fr-FR"},{"@type":"WebPage","@id":"https:\/\/www.scenesbuissonnieres.com\/scenesB\/2019\/04\/chorale-voix-si-voix-la\/","url":"https:\/\/www.scenesbuissonnieres.com\/scenesB\/2019\/04\/chorale-voix-si-voix-la\/","name":"Chorale Voix Si, Voix La - Sc\u00e8nes Buissonni\u00e8res","isPartOf":{"@id":"https:\/\/www.scenesbuissonnieres.com\/scenesB\/#website"},"datePublished":"2019-04-19T23:56:49+00:00","dateModified":"2019-04-20T09:22:07+00:00","breadcrumb":{"@id":"https:\/\/www.scenesbuissonnieres.com\/scenesB\/2019\/04\/chorale-voix-si-voix-la\/#breadcrumb"},"inLanguage":"fr-FR","potentialAction":[{"@type":"ReadAction","target":["https:\/\/www.scenesbuissonnieres.com\/scenesB\/2019\/04\/chorale-voix-si-voix-la\/"]}]},{"@type":"BreadcrumbList","@id":"https:\/\/www.scenesbuissonnieres.com\/scenesB\/2019\/04\/chorale-voix-si-voix-la\/#breadcrumb","itemListElement":[{"@type":"ListItem","position":1,"name":"Accueil","item":"https:\/\/www.scenesbuissonnieres.com\/scenesB\/"},{"@type":"ListItem","position":2,"name":"Chorale Voix Si, Voix La"}]},{"@type":"WebSite","@id":"https:\/\/www.scenesbuissonnieres.com\/scenesB\/#website","url":"https:\/\/www.scenesbuissonnieres.com\/scenesB\/","name":"Sc\u00e8nes Buissonni\u00e8res","description":"Le Festival de Th\u00e9\u00e2tre","publisher":{"@id":"https:\/\/www.scenesbuissonnieres.com\/scenesB\/#organization"},"potentialAction":[{"@type":"SearchAction","target":{"@type":"EntryPoint","urlTemplate":"https:\/\/www.scenesbuissonnieres.com\/scenesB\/?s={search_term_string}"},"query-input":"required name=search_term_string"}],"inLanguage":"fr-FR"},{"@type":"Organization","@id":"https:\/\/www.scenesbuissonnieres.com\/scenesB\/#organization","name":"Sc\u00e8nes Buissonni\u00e8res","url":"https:\/\/www.scenesbuissonnieres.com\/scenesB\/","logo":{"@type":"ImageObject","inLanguage":"fr-FR","@id":"https:\/\/www.scenesbuissonnieres.com\/scenesB\/#\/schema\/logo\/image\/","url":"https:\/\/www.scenesbuissonnieres.com\/scenesB\/wp-content\/uploads\/2025\/12\/Bandeau_Site_2026.png","contentUrl":"https:\/\/www.scenesbuissonnieres.com\/scenesB\/wp-content\/uploads\/2025\/12\/Bandeau_Site_2026.png","width":760,"height":200,"caption":"Sc\u00e8nes Buissonni\u00e8res"},"image":{"@id":"https:\/\/www.scenesbuissonnieres.com\/scenesB\/#\/schema\/logo\/image\/"}},{"@type":"Person","@id":"https:\/\/www.scenesbuissonnieres.com\/scenesB\/#\/schema\/person\/a63060baea90e55013ef01d23ad544e7","name":"plume","image":{"@type":"ImageObject","inLanguage":"fr-FR","@id":"https:\/\/www.scenesbuissonnieres.com\/scenesB\/#\/schema\/person\/image\/","url":"https:\/\/secure.gravatar.com\/avatar\/e0b2d309e768c4daf3e1aa1e43c04d10?s=96&d=monsterid&r=g","contentUrl":"https:\/\/secure.gravatar.com\/avatar\/e0b2d309e768c4daf3e1aa1e43c04d10?s=96&d=monsterid&r=g","caption":"plume"},"url":"https:\/\/www.scenesbuissonnieres.com\/scenesB\/author\/plume\/"}]}},"_links":{"self":[{"href":"https:\/\/www.scenesbuissonnieres.com\/scenesB\/wp-json\/wp\/v2\/posts\/756"}],"collection":[{"href":"https:\/\/www.scenesbuissonnieres.com\/scenesB\/wp-json\/wp\/v2\/posts"}],"about":[{"href":"https:\/\/www.scenesbuissonnieres.com\/scenesB\/wp-json\/wp\/v2\/types\/post"}],"author":[{"embeddable":true,"href":"https:\/\/www.scenesbuissonnieres.com\/scenesB\/wp-json\/wp\/v2\/users\/2"}],"replies":[{"embeddable":true,"href":"https:\/\/www.scenesbuissonnieres.com\/scenesB\/wp-json\/wp\/v2\/comments?post=756"}],"version-history":[{"count":3,"href":"https:\/\/www.scenesbuissonnieres.com\/scenesB\/wp-json\/wp\/v2\/posts\/756\/revisions"}],"predecessor-version":[{"id":761,"href":"https:\/\/www.scenesbuissonnieres.com\/scenesB\/wp-json\/wp\/v2\/posts\/756\/revisions\/761"}],"wp:attachment":[{"href":"https:\/\/www.scenesbuissonnieres.com\/scenesB\/wp-json\/wp\/v2\/media?parent=756"}],"wp:term":[{"taxonomy":"category","embeddable":true,"href":"https:\/\/www.scenesbuissonnieres.com\/scenesB\/wp-json\/wp\/v2\/categories?post=756"},{"taxonomy":"post_tag","embeddable":true,"href":"https:\/\/www.scenesbuissonnieres.com\/scenesB\/wp-json\/wp\/v2\/tags?post=756"}],"curies":[{"name":"wp","href":"https:\/\/api.w.org\/{rel}","templated":true}]}}